{"id":1238,"date":"2021-07-23T17:55:57","date_gmt":"2021-07-23T17:55:57","guid":{"rendered":"http:\/\/dummy.xtemos.com\/woodmart2\/?p=1238"},"modified":"2025-10-26T15:28:44","modified_gmt":"2025-10-26T15:28:44","slug":"el-futuro-del-take-out-cabe-en-un-vaso-compostable","status":"publish","type":"post","link":"https:\/\/wecareproducts.eco\/es\/el-futuro-del-take-out-cabe-en-un-vaso-compostable\/","title":{"rendered":"El futuro del take-out cabe en un vaso compostable"},"content":{"rendered":"<div class=\"wpb-content-wrapper\"><p>[vc_row][vc_column]\t\t<div id=\"wd-68fe3df1e4bc5\" class=\"wd-text-block wd-wpb reset-last-child wd-rs-68fe3df1e4bc5 text-left \">\n\t\t\t<p>Pedir comida para llevar \ud83c\udf74 o salir con un caf\u00e9 en mano se volvi\u00f3 parte natural de nuestras vidas. Es un gesto peque\u00f1o, casi autom\u00e1tico, que acompa\u00f1a el ritmo acelerado de las ciudades. Sin embargo, detr\u00e1s de esa comodidad diaria hay una pregunta que vale la pena detenernos a pensar \ud83e\udd14:<\/p>\n<p>\u00bfQu\u00e9 pasa con todo lo que usamos una sola vez y despu\u00e9s desechamos \ud83d\udeae?<\/p>\n<p>Durante d\u00e9cadas, la respuesta fue sencilla: se tiraba y desaparec\u00eda de nuestra vista. Pero en realidad no desaparec\u00eda. Un vaso de pl\u00e1stico puede tardar cientos de a\u00f1os \ud83d\uddd3\ufe0f en degradarse, mucho m\u00e1s que una vida humana.<\/p>\n<p>La rutina que podemos transformar \ud83c\udf31<\/p>\n<p>Lo interesante es que hoy tenemos la oportunidad de cambiar esa historia sin renunciar a la practicidad. Un vaso compostable se usa igual, cumple la misma funci\u00f3n, pero cuando termina su vida \u00fatil tiene un destino distinto: puede regresar a la tierra \ud83c\udf0e en cuesti\u00f3n de semanas o meses, convirti\u00e9ndose en nutrientes \ud83e\udeb4.<\/p>\n<p>La experiencia para la persona no cambia mucho \u2014sigues disfrutando tu caf\u00e9, tu comida para llevar o tu postre favorito\u2014, pero el impacto s\u00ed. Se trata de transformar una acci\u00f3n cotidiana en un gesto que suma.<\/p>\n<p>El cambio est\u00e1 m\u00e1s cerca de lo que pensamos \ud83c\udf0e<\/p>\n<p>A veces creemos que las soluciones sustentables son lejanas o complicadas, pero no. Cada vez m\u00e1s cafeter\u00edas \u2615, restaurantes y supermercados \ud83d\uded2 ofrecen alternativas compostables al alcance de cualquiera. Ya no es una promesa de futuro: es una realidad que se puede vivir hoy, en la pr\u00f3xima compra \ud83d\udecd\ufe0f.<\/p>\n<p>Un mensaje que trasciende el objeto<\/p>\n<p>Cuando recibimos un empaque compostable no solo recibimos un producto, recibimos un recordatorio de que es posible consumir de otra manera. Es un peque\u00f1o mensaje de que nuestra rutina no tiene que estar peleada con el cuidado del planeta \ud83c\udf0e.<\/p>\n<p>Una invitaci\u00f3n abierta \ud83e\udef1\ud83c\udffb\u200d\ud83e\udef2\ud83c\udffb<\/p>\n<p>Quiz\u00e1 el futuro del take-out no est\u00e9 en cambiar lo que pedimos, sino en cambiar con qu\u00e9 lo recibimos \ud83c\udf31.<\/p>\n<p>Al final, el caf\u00e9 sigue siendo caf\u00e9, la comida sigue siendo comida\u2026 pero el envase puede marcar la diferencia \u2728.<\/p>\n<p>Un futuro m\u00e1s limpio cabe, literalmente, en un vaso compostable.<\/p>\n\t\t<\/div>\n\t\t[\/vc_column][\/vc_row]<\/p>\n<\/div>","protected":false},"excerpt":{"rendered":"<p>[vc_row][vc_column][\/vc_column][\/vc_row]<\/p>\n","protected":false},"author":1,"featured_media":11189,"comment_status":"open","ping_status":"closed","sticky":false,"template":"","format":"standard","meta":{"_joinchat":[],"footnotes":""},"categories":[1],"tags":[],"class_list":["post-1238","post","type-post","status-publish","format-standard","has-post-thumbnail","hentry","category-wecare"],"_links":{"self":[{"href":"https:\/\/wecareproducts.eco\/es\/wp-json\/wp\/v2\/posts\/1238","targetHints":{"allow":["GET"]}}],"collection":[{"href":"https:\/\/wecareproducts.eco\/es\/wp-json\/wp\/v2\/posts"}],"about":[{"href":"https:\/\/wecareproducts.eco\/es\/wp-json\/wp\/v2\/types\/post"}],"author":[{"embeddable":true,"href":"https:\/\/wecareproducts.eco\/es\/wp-json\/wp\/v2\/users\/1"}],"replies":[{"embeddable":true,"href":"https:\/\/wecareproducts.eco\/es\/wp-json\/wp\/v2\/comments?post=1238"}],"version-history":[{"count":4,"href":"https:\/\/wecareproducts.eco\/es\/wp-json\/wp\/v2\/posts\/1238\/revisions"}],"predecessor-version":[{"id":11190,"href":"https:\/\/wecareproducts.eco\/es\/wp-json\/wp\/v2\/posts\/1238\/revisions\/11190"}],"wp:featuredmedia":[{"embeddable":true,"href":"https:\/\/wecareproducts.eco\/es\/wp-json\/wp\/v2\/media\/11189"}],"wp:attachment":[{"href":"https:\/\/wecareproducts.eco\/es\/wp-json\/wp\/v2\/media?parent=1238"}],"wp:term":[{"taxonomy":"category","embeddable":true,"href":"https:\/\/wecareproducts.eco\/es\/wp-json\/wp\/v2\/categories?post=1238"},{"taxonomy":"post_tag","embeddable":true,"href":"https:\/\/wecareproducts.eco\/es\/wp-json\/wp\/v2\/tags?post=1238"}],"curies":[{"name":"wp","href":"https:\/\/api.w.org\/{rel}","templated":true}]}}