{"id":11279,"date":"2026-05-01T06:38:31","date_gmt":"2026-05-01T06:38:31","guid":{"rendered":"https:\/\/wecareproducts.eco\/es\/?p=11279"},"modified":"2026-05-01T06:41:26","modified_gmt":"2026-05-01T06:41:26","slug":"el-problema-no-es-contaminar-es-no-hacerse-responsable","status":"publish","type":"post","link":"https:\/\/wecareproducts.eco\/es\/el-problema-no-es-contaminar-es-no-hacerse-responsable\/","title":{"rendered":"El problema no es contaminar: es no hacerse responsable."},"content":{"rendered":"\n<p>Durante a\u00f1os, la conversaci\u00f3n ambiental en las empresas se ha construido sobre una pregunta equivocada: \u00bfc\u00f3mo contaminar menos sin cambiar demasiado? \ud83e\udd14<\/p>\n\n\n\n<p>Esa l\u00f3gica parte de una premisa c\u00f3moda: que el impacto es un efecto colateral inevitable y que basta con reducirlo, compensarlo o moverlo a otra parte para cumplir. El problema no es contaminar, toda actividad humana genera impacto. El problema es operar como si nadie fuera responsable de ese impacto. \ud83c\udf0f<\/p>\n\n\n\n<p>La irresponsabilidad ambiental rara vez se manifiesta en decisiones extremas. Aparece en lo cotidiano: cuando se fragmenta la responsabilidad entre \u00e1reas, cuando se delega el problema al proveedor, cuando se asume que \u201calguien m\u00e1s\u201d se har\u00e1 cargo. As\u00ed, el impacto no desaparece; simplemente se diluye. \ud83d\udc65<\/p>\n\n\n\n<p>Asumir responsabilidad implica algo m\u00e1s inc\u00f3modo que mejorar indicadores. Implica aceptar que cada decisi\u00f3n empresarial \u2014qu\u00e9 se produce, c\u00f3mo se vende, qu\u00e9 se prioriza\u2014 tiene consecuencias que no terminan cuando se cierra el trimestre ni cuando se publica un reporte. \ud83d\udcca<\/p>\n\n\n\n<p>Las empresas que maduran en este tema dejan de preguntarse c\u00f3mo verse mejor y empiezan a preguntarse qu\u00e9 impacto est\u00e1n dispuestas a asumir conscientemente y cu\u00e1l no. Esa diferencia cambia la conversaci\u00f3n interna, redefine prioridades y expone incoherencias. \ud83c\udf31<\/p>\n\n\n\n<p>Detente un momento y haz este ejercicio: escribe en una sola frase de qu\u00e9 impacto tu empresa s\u00ed se hace responsable y de cu\u00e1l no.<\/p>\n\n\n\n<p>Si no puedes responderlo con claridad, ah\u00ed no hay un problema de comunicaci\u00f3n, hay un problema de decisi\u00f3n.<\/p>\n","protected":false},"excerpt":{"rendered":"<p>Durante a\u00f1os, la conversaci\u00f3n ambiental en las empresas se ha construido sobre una pregunta equivocada: \u00bfc\u00f3mo contaminar menos sin cambiar<\/p>\n","protected":false},"author":1,"featured_media":11267,"comment_status":"open","ping_status":"closed","sticky":false,"template":"","format":"standard","meta":{"_joinchat":[],"footnotes":""},"categories":[1],"tags":[],"class_list":["post-11279","post","type-post","status-publish","format-standard","has-post-thumbnail","hentry","category-wecare"],"_links":{"self":[{"href":"https:\/\/wecareproducts.eco\/es\/wp-json\/wp\/v2\/posts\/11279","targetHints":{"allow":["GET"]}}],"collection":[{"href":"https:\/\/wecareproducts.eco\/es\/wp-json\/wp\/v2\/posts"}],"about":[{"href":"https:\/\/wecareproducts.eco\/es\/wp-json\/wp\/v2\/types\/post"}],"author":[{"embeddable":true,"href":"https:\/\/wecareproducts.eco\/es\/wp-json\/wp\/v2\/users\/1"}],"replies":[{"embeddable":true,"href":"https:\/\/wecareproducts.eco\/es\/wp-json\/wp\/v2\/comments?post=11279"}],"version-history":[{"count":1,"href":"https:\/\/wecareproducts.eco\/es\/wp-json\/wp\/v2\/posts\/11279\/revisions"}],"predecessor-version":[{"id":11280,"href":"https:\/\/wecareproducts.eco\/es\/wp-json\/wp\/v2\/posts\/11279\/revisions\/11280"}],"wp:featuredmedia":[{"embeddable":true,"href":"https:\/\/wecareproducts.eco\/es\/wp-json\/wp\/v2\/media\/11267"}],"wp:attachment":[{"href":"https:\/\/wecareproducts.eco\/es\/wp-json\/wp\/v2\/media?parent=11279"}],"wp:term":[{"taxonomy":"category","embeddable":true,"href":"https:\/\/wecareproducts.eco\/es\/wp-json\/wp\/v2\/categories?post=11279"},{"taxonomy":"post_tag","embeddable":true,"href":"https:\/\/wecareproducts.eco\/es\/wp-json\/wp\/v2\/tags?post=11279"}],"curies":[{"name":"wp","href":"https:\/\/api.w.org\/{rel}","templated":true}]}}