{"id":11275,"date":"2026-05-01T06:36:55","date_gmt":"2026-05-01T06:36:55","guid":{"rendered":"https:\/\/wecareproducts.eco\/es\/?p=11275"},"modified":"2026-05-01T06:41:28","modified_gmt":"2026-05-01T06:41:28","slug":"naturaleza-y-consumo-la-desconexion-moderna","status":"publish","type":"post","link":"https:\/\/wecareproducts.eco\/es\/naturaleza-y-consumo-la-desconexion-moderna\/","title":{"rendered":"Naturaleza y consumo: la desconexi\u00f3n moderna."},"content":{"rendered":"\n<p>Hubo un tiempo en que sab\u00edamos de d\u00f3nde ven\u00edan las cosas. La tierra ten\u00eda nombre, el material ten\u00eda historia y los objetos estaban pensados para durar. \ud83c\udf0e<\/p>\n\n\n\n<p>Hoy consumimos sin ver el origen y desechamos sin imaginar el destino. La naturaleza dej\u00f3 de estar presente en nuestras decisiones diarias, no porque haya desaparecido, sino porque aprendimos a volverla invisible dentro de la din\u00e1mica de rapidez y conveniencia. Durante a\u00f1os la prioridad fue clara: m\u00e1s r\u00e1pido, m\u00e1s barato, m\u00e1s inmediato. \u23f1\ufe0f<\/p>\n\n\n\n<p>En esa velocidad tambi\u00e9n se perdi\u00f3 algo m\u00e1s profundo: la conciencia del ciclo. \ud83d\udd04<\/p>\n\n\n\n<p>Sin embargo, algo est\u00e1 cambiando. Nuevas generaciones observan con mayor atenci\u00f3n de qu\u00e9 est\u00e1n hechos los productos, cu\u00e1nto duran y qu\u00e9 ocurre despu\u00e9s de su uso. No es ingenuidad ni tendencia pasajera; es una sensibilidad distinta frente al consumo y su impacto. \ud83d\udc65<\/p>\n\n\n\n<p>Reconocerlo no es adoptar una postura rom\u00e1ntica, es entender que el mercado evoluciona. La naturaleza no es una campa\u00f1a; es el origen silencioso de todo lo que ponemos en circulaci\u00f3n. Y cuando una marca decide qu\u00e9 materiales integrar a su operaci\u00f3n, tambi\u00e9n est\u00e1 definiendo la relaci\u00f3n que quiere construir con ese origen. \ud83c\udf33<\/p>\n\n\n\n<p>Si tu empresa est\u00e1 replanteando los materiales que forman parte de su operaci\u00f3n, en wecare podemos acompa\u00f1arte a hacerlo con intenci\u00f3n, equilibrando desempe\u00f1o, est\u00e9tica, responsabilidad y \u00e1tica profesional y humana. \ud83e\udef1\ud83c\udffb\u200d\ud83e\udef2\ud83c\udffb<\/p>\n","protected":false},"excerpt":{"rendered":"<p>Hubo un tiempo en que sab\u00edamos de d\u00f3nde ven\u00edan las cosas. La tierra ten\u00eda nombre, el material ten\u00eda historia y<\/p>\n","protected":false},"author":1,"featured_media":11269,"comment_status":"open","ping_status":"closed","sticky":false,"template":"","format":"standard","meta":{"_joinchat":[],"footnotes":""},"categories":[1],"tags":[],"class_list":["post-11275","post","type-post","status-publish","format-standard","has-post-thumbnail","hentry","category-wecare"],"_links":{"self":[{"href":"https:\/\/wecareproducts.eco\/es\/wp-json\/wp\/v2\/posts\/11275","targetHints":{"allow":["GET"]}}],"collection":[{"href":"https:\/\/wecareproducts.eco\/es\/wp-json\/wp\/v2\/posts"}],"about":[{"href":"https:\/\/wecareproducts.eco\/es\/wp-json\/wp\/v2\/types\/post"}],"author":[{"embeddable":true,"href":"https:\/\/wecareproducts.eco\/es\/wp-json\/wp\/v2\/users\/1"}],"replies":[{"embeddable":true,"href":"https:\/\/wecareproducts.eco\/es\/wp-json\/wp\/v2\/comments?post=11275"}],"version-history":[{"count":1,"href":"https:\/\/wecareproducts.eco\/es\/wp-json\/wp\/v2\/posts\/11275\/revisions"}],"predecessor-version":[{"id":11276,"href":"https:\/\/wecareproducts.eco\/es\/wp-json\/wp\/v2\/posts\/11275\/revisions\/11276"}],"wp:featuredmedia":[{"embeddable":true,"href":"https:\/\/wecareproducts.eco\/es\/wp-json\/wp\/v2\/media\/11269"}],"wp:attachment":[{"href":"https:\/\/wecareproducts.eco\/es\/wp-json\/wp\/v2\/media?parent=11275"}],"wp:term":[{"taxonomy":"category","embeddable":true,"href":"https:\/\/wecareproducts.eco\/es\/wp-json\/wp\/v2\/categories?post=11275"},{"taxonomy":"post_tag","embeddable":true,"href":"https:\/\/wecareproducts.eco\/es\/wp-json\/wp\/v2\/tags?post=11275"}],"curies":[{"name":"wp","href":"https:\/\/api.w.org\/{rel}","templated":true}]}}